{"id":873,"date":"2015-07-07T14:48:43","date_gmt":"2015-07-07T19:48:43","guid":{"rendered":"http:\/\/clcarchitectes.com\/wp\/?p=873"},"modified":"2015-07-07T14:48:43","modified_gmt":"2015-07-07T19:48:43","slug":"de-limage-a-la-realite-la-piscine-giffard-a-ouvert-au-public-ccm2-clca-architectes","status":"publish","type":"post","link":"http:\/\/clcarchitectes.com\/wp\/de-limage-a-la-realite-la-piscine-giffard-a-ouvert-au-public-ccm2-clca-architectes\/","title":{"rendered":"De l&rsquo;image \u00e0 la r\u00e9alit\u00e9: la Piscine Giffard a ouvert au public. CCM2 + CLCa architectes"},"content":{"rendered":"<p><img loading=\"lazy\" class=\"aligncenter size-large wp-image-871\" src=\"http:\/\/clcarchitectes.com\/wp\/wp-content\/uploads\/2015\/07\/Piscine-avant-apres-1024x237.jpg\" alt=\"Piscine avant-apres\" width=\"1024\" height=\"237\" srcset=\"http:\/\/clcarchitectes.com\/wp\/wp-content\/uploads\/2015\/07\/Piscine-avant-apres-1024x237.jpg 1024w, http:\/\/clcarchitectes.com\/wp\/wp-content\/uploads\/2015\/07\/Piscine-avant-apres-300x70.jpg 300w, http:\/\/clcarchitectes.com\/wp\/wp-content\/uploads\/2015\/07\/Piscine-avant-apres-220x51.jpg 220w\" sizes=\"(max-width: 1024px) 100vw, 1024px\" \/><\/p>\n<div id=\"wp_fb_like_button\" style=\"margin:5px 0 5px 5px;float:right;height:75px;\"><script src=\"http:\/\/connect.facebook.net\/en_US\/all.js#xfbml=1\"><\/script><fb:like href=\"http:\/\/clcarchitectes.com\/wp\/de-limage-a-la-realite-la-piscine-giffard-a-ouvert-au-public-ccm2-clca-architectes\/\" send=\"true\" layout=\"button_count\" width=\"250\" show_faces=\"false\" font=\"arial\" action=\"like\" colorscheme=\"light\"><\/fb:like><\/div>","protected":false},"excerpt":{"rendered":"","protected":false},"author":3,"featured_media":871,"comment_status":"open","ping_status":"open","sticky":false,"template":"","format":"standard","meta":{"spay_email":""},"categories":[1],"tags":[],"jetpack_featured_media_url":"http:\/\/clcarchitectes.com\/wp\/wp-content\/uploads\/2015\/07\/Piscine-avant-apres.jpg","jetpack_shortlink":"https:\/\/wp.me\/p2IhVf-e5","jetpack_sharing_enabled":true,"_links":{"self":[{"href":"http:\/\/clcarchitectes.com\/wp\/wp-json\/wp\/v2\/posts\/873"}],"collection":[{"href":"http:\/\/clcarchitectes.com\/wp\/wp-json\/wp\/v2\/posts"}],"about":[{"href":"http:\/\/clcarchitectes.com\/wp\/wp-json\/wp\/v2\/types\/post"}],"author":[{"embeddable":true,"href":"http:\/\/clcarchitectes.com\/wp\/wp-json\/wp\/v2\/users\/3"}],"replies":[{"embeddable":true,"href":"http:\/\/clcarchitectes.com\/wp\/wp-json\/wp\/v2\/comments?post=873"}],"version-history":[{"count":2,"href":"http:\/\/clcarchitectes.com\/wp\/wp-json\/wp\/v2\/posts\/873\/revisions"}],"predecessor-version":[{"id":875,"href":"http:\/\/clcarchitectes.com\/wp\/wp-json\/wp\/v2\/posts\/873\/revisions\/875"}],"wp:featuredmedia":[{"embeddable":true,"href":"http:\/\/clcarchitectes.com\/wp\/wp-json\/wp\/v2\/media\/871"}],"wp:attachment":[{"href":"http:\/\/clcarchitectes.com\/wp\/wp-json\/wp\/v2\/media?parent=873"}],"wp:term":[{"taxonomy":"category","embeddable":true,"href":"http:\/\/clcarchitectes.com\/wp\/wp-json\/wp\/v2\/categories?post=873"},{"taxonomy":"post_tag","embeddable":true,"href":"http:\/\/clcarchitectes.com\/wp\/wp-json\/wp\/v2\/tags?post=873"}],"curies":[{"name":"wp","href":"https:\/\/api.w.org\/{rel}","templated":true}]}}